{"id":528,"date":"2020-06-04T15:59:04","date_gmt":"2020-06-04T15:59:04","guid":{"rendered":"https:\/\/www.agapornidenclub.be\/eng\/?p=528"},"modified":"2021-01-26T18:31:12","modified_gmt":"2021-01-26T18:31:12","slug":"bva-masters-2020-has-been-canceled","status":"publish","type":"post","link":"https:\/\/www.bva-international.com\/eng\/bva-masters-2020-has-been-canceled\/","title":{"rendered":"BVA Masters 2020 has been canceled"},"content":{"rendered":"<p>Dear friends,<\/p>\n<p>Due to the imposed regulations regarding the COVID-19 pandemic there is a ban on all events, both public and private in and around the Aalst area.<\/p>\n<p>With huge sadness we are forced to cancel our annual exhibition, The BVA Masters, in September 2020.<\/p>\n<p>Kind regards and stay healthy!<br \/>\nThe BVA Board.<br \/>\n&#8212;&#8212;&#8212;&#8212;&#8212;&#8212;&#8212;&#8212;&#8212;&#8212;&#8212;&#8212;&#8212;&#8212;&#8212;&#8212;&#8212;&#8212;&#8212;&#8212;&#8212;&#8212;&#8212;&#8212;&#8212;&#8212;&#8212;&#8212;&#8212;&#8212;&#8212;&#8212;&#8212;&#8212;&#8212;&#8212;&#8212;&#8212;&#8212;&#8212;&#8211;<br \/>\nBeste vrienden,<br \/>\nOmwille van de opgelegde maatregelen door de Corona-pandemie is er een verbod op alle evenementen , zowel openbaar als privaat op het grondgebied van Aalst.<br \/>\nWij zijn dus helaas genoodzaakt om onze Internationale tentoonstelling ( BVA Masters ) in september 2020 te annuleren.<br \/>\nBeste groeten en hou het gezond!<\/p>\n<p>BVA raad van bestuur<br \/>\n&#8212;&#8212;&#8212;&#8212;&#8212;&#8212;&#8212;&#8212;&#8212;&#8212;&#8212;&#8212;&#8212;&#8212;&#8212;&#8212;&#8212;&#8212;&#8212;&#8212;&#8212;&#8212;&#8212;&#8212;&#8212;&#8212;&#8212;&#8212;&#8212;&#8212;&#8212;&#8212;&#8212;&#8212;&#8212;&#8212;&#8212;&#8212;&#8212;&#8211;<br \/>\nQueridos amigos,<br \/>\nDebido a las regulaciones impuestas con respecto a la pandemia de COVID-19, est\u00e1n prohibidos todos los eventos, tanto p\u00fablicos como privados, en el \u00e1rea de Aalst y sus alrededores.<br \/>\nEs con una gran tristeza que nos vemos obligados a cancelar nuestra exposici\u00f3n anual (BVA Masters) que \u00edria ocurrir en Septiembre de 2020.<\/p>\n<p>Saludos cordiales y a cuidar vuestra salud!<br \/>\nLa Junta Directiva de BVA.<br \/>\n&#8212;&#8212;&#8212;&#8212;&#8212;&#8212;&#8212;&#8212;&#8212;&#8212;&#8212;&#8212;&#8212;&#8212;&#8212;&#8212;&#8212;&#8212;&#8212;&#8212;&#8212;&#8212;&#8212;&#8212;&#8212;&#8212;&#8212;&#8212;&#8212;&#8212;&#8212;&#8212;&#8212;&#8212;&#8212;&#8212;&#8212;&#8212;&#8212;&#8212;<br \/>\nCaros amigos,<br \/>\nDevido \u00e0s regulamenta\u00e7\u00f5es impostas devido \u00e0 pandemia de COVID-19, est\u00e3o pro\u00edbidos todos os eventos, p\u00fablicos e privados, dentro e ao redor da \u00e1rea de Aalst.<br \/>\n\u00c9 com enorme tristeza, que somos obrigados a cancelar a nossa exposi\u00e7\u00e3o anual (BVA Masters), que ter\u00eda lugar em Setembro de 2020.<br \/>\nAtenciosamente, e cuidem a vossa sa\u00fade!<\/p>\n<p>A Direc\u00e7\u00e3o da BVA.<br \/>\n&#8212;&#8212;&#8212;&#8212;&#8212;&#8212;&#8212;&#8212;&#8212;&#8212;&#8212;&#8212;&#8212;&#8212;&#8212;&#8212;&#8212;&#8212;&#8212;&#8212;&#8212;&#8212;&#8212;&#8212;&#8212;&#8212;&#8212;&#8212;&#8212;&#8212;&#8212;&#8212;&#8212;&#8212;&#8212;&#8212;&#8212;&#8212;&#8212;&#8212;-<br \/>\nChers amis,<\/p>\n<p>En raison de la r\u00e8glementation impos\u00e9e par la gestion de la pand\u00e9mie li\u00e9e au COVID-19, une interdiction frappe tous les \u00e9v\u00e8nements publics ou priv\u00e9s \u00e0 l\u2019int\u00e9rieur et \u00e0 l\u2019ext\u00e9rieur de la commune de AALST<\/p>\n<p>C\u2019est avec beaucoup de tristesse que nous sommes contraints d\u2019annuler notre exposition annuelle,The BVA Masters, en septembre 2020.<\/p>\n<p>Sinc\u00e8res salutations et prenez soin de vous.<\/p>\n<p>La direction du BVA.<\/p>\n<p>&#8212;&#8212;&#8212;&#8212;&#8212;&#8212;&#8212;&#8212;&#8212;&#8212;&#8212;&#8212;&#8212;&#8212;&#8212;&#8212;&#8212;&#8212;&#8212;&#8212;&#8212;&#8212;&#8212;&#8212;&#8212;&#8212;&#8212;&#8212;&#8212;&#8212;&#8212;&#8212;&#8212;&#8212;&#8212;&#8212;&#8212;&#8212;&#8212;&#8211;<br \/>\nCari amici,<br \/>\nA causa delle normative imposte dalla pandemia COVID-19, vi \u00e8 il divieto di qualsiasi evento, sia pubblico che privato nel comune di AALST. Con grande tristezza siamo costretti a cancellare la nostra mostra annuale, Il BVA Master, a settembre 2020.<br \/>\nCordiali saluti e rimanete in salute!<\/p>\n<p>Il direttivo del BVA.<\/p>\n","protected":false},"excerpt":{"rendered":"<p>Dear friends, Due to the imposed regulations regarding the COVID-19 pandemic there is a ban on all events, both public<\/p>\n","protected":false},"author":4,"featured_media":647,"comment_status":"open","ping_status":"open","sticky":false,"template":"","format":"standard","meta":{"footnotes":""},"categories":[4],"tags":[],"class_list":["post-528","post","type-post","status-publish","format-standard","has-post-thumbnail","hentry","category-bva"],"_links":{"self":[{"href":"https:\/\/www.bva-international.com\/eng\/wp-json\/wp\/v2\/posts\/528","targetHints":{"allow":["GET"]}}],"collection":[{"href":"https:\/\/www.bva-international.com\/eng\/wp-json\/wp\/v2\/posts"}],"about":[{"href":"https:\/\/www.bva-international.com\/eng\/wp-json\/wp\/v2\/types\/post"}],"author":[{"embeddable":true,"href":"https:\/\/www.bva-international.com\/eng\/wp-json\/wp\/v2\/users\/4"}],"replies":[{"embeddable":true,"href":"https:\/\/www.bva-international.com\/eng\/wp-json\/wp\/v2\/comments?post=528"}],"version-history":[{"count":3,"href":"https:\/\/www.bva-international.com\/eng\/wp-json\/wp\/v2\/posts\/528\/revisions"}],"predecessor-version":[{"id":648,"href":"https:\/\/www.bva-international.com\/eng\/wp-json\/wp\/v2\/posts\/528\/revisions\/648"}],"wp:featuredmedia":[{"embeddable":true,"href":"https:\/\/www.bva-international.com\/eng\/wp-json\/wp\/v2\/media\/647"}],"wp:attachment":[{"href":"https:\/\/www.bva-international.com\/eng\/wp-json\/wp\/v2\/media?parent=528"}],"wp:term":[{"taxonomy":"category","embeddable":true,"href":"https:\/\/www.bva-international.com\/eng\/wp-json\/wp\/v2\/categories?post=528"},{"taxonomy":"post_tag","embeddable":true,"href":"https:\/\/www.bva-international.com\/eng\/wp-json\/wp\/v2\/tags?post=528"}],"curies":[{"name":"wp","href":"https:\/\/api.w.org\/{rel}","templated":true}]}}